{"id":50906,"date":"2023-10-12T17:55:41","date_gmt":"2023-10-12T15:55:41","guid":{"rendered":"https:\/\/european-cultural-news.com\/?p=50906"},"modified":"2023-10-12T18:52:12","modified_gmt":"2023-10-12T16:52:12","slug":"ix-pianoforti-orf-musikprotokoll","status":"publish","type":"post","link":"https:\/\/european-cultural-news.com\/it\/ix-pianoforti-orf-musikprotokoll\/50906\/","title":{"rendered":"Suonare il pianoforte con l&#8217;attrezzatura da alpinismo"},"content":{"rendered":"<p>&#8220;IX KLA VIER E&#8221; \u00e8 il nome della performance di mezz&#8217;ora di <a href=\"https:\/\/esc.mur.at\/de\/bio\/nick-acorne\" target=\"_blank\" rel=\"noopener nofollow\">Nick Acorne<\/a>, per la quale sono stati costruiti 3&#215;3 pianoforti uno sopra l&#8217;altro nell&#8217;anticamera. Davanti a loro si estendeva un&#8217;impalcatura, sulla quale Acorne poteva agilmente arrampicarsi. Dotato di un elmetto e di una cintura alla quale pendevano utensili da cucina di ogni tipo, controfissati da una corda, egli oscillava non da un ramo all&#8217;altro ma da un pianoforte all&#8217;altro, suonando brevi brani su ciascuno di essi. Il risultato era una composizione davvero mozzafiato, ma prima di tutto per il pianista stesso. Ogni volta, infatti, doveva arrampicarsi per diversi metri, sia in salita che in discesa, o spostarsi lungo i montanti metallici per raggiungere lo strumento successivo. I pianoforti stessi erano preparati e avevano caratteristiche sonore diverse.<\/p>\n<div id=\"attachment_50742\" style=\"width: 1080px\" class=\"wp-caption aligncenter\"><img data-recalc-dims=\"1\" loading=\"lazy\" decoding=\"async\" aria-describedby=\"caption-attachment-50742\" class=\"size-full wp-image-50739\" src=\"https:\/\/i0.wp.com\/european-cultural-news.com\/wp-content\/uploads\/2023\/10\/231006_IX-KLA-VIER-E_c_ORF-musikprotokoll_M.-Gross-12.jpg?resize=1070%2C713&#038;ssl=1\" alt=\"\" width=\"1070\" height=\"713\" title=\"\" srcset=\"https:\/\/european-cultural-news.com\/wp-content\/uploads\/2023\/10\/231006_IX-KLA-VIER-E_c_ORF-musikprotokoll_M.-Gross-12.jpg 1070w, https:\/\/european-cultural-news.com\/wp-content\/uploads\/2023\/10\/231006_IX-KLA-VIER-E_c_ORF-musikprotokoll_M.-Gross-12-980x653.jpg 980w, https:\/\/european-cultural-news.com\/wp-content\/uploads\/2023\/10\/231006_IX-KLA-VIER-E_c_ORF-musikprotokoll_M.-Gross-12-480x320.jpg 480w\" sizes=\"(min-width: 0px) and (max-width: 480px) 480px, (min-width: 481px) and (max-width: 980px) 980px, (min-width: 981px) 1070px, 100vw\" \/><p id=\"caption-attachment-50742\" class=\"wp-caption-text\">&#8220;IX Kla vier e&#8221;<\/p><\/div>\n<p>L&#8217;elemento fondamentale di ogni lezione di pianoforte &#8211; la corretta posizione della mano e della seduta &#8211; si \u00e8 rivelato ad absurdum in questa performance. Nelle zone pi\u00f9 alte, Acorne ha dovuto trovare un appiglio appeso alla corda o inginocchiarsi davanti ai pianoforti nella zona pi\u00f9 bassa. \u00c8 stato sorprendente che, nonostante le difficolt\u00e0 sportive, sia emersa una composizione improvvisata che poteva essere ascoltata anche senza arrampicarsi. Il fatto che ogni performance &#8211; tre in totale &#8211; fosse diversa \u00e8 ovvio, visto il concetto. L&#8217;artista, che in precedenza aveva seguito un corso di arrampicata per principianti, ha dichiarato in un&#8217;intervista con Daniela Fietzek che non avrebbe sottovalutato lo sforzo fisico, &#8220;ma so da me che quando si tratta di arte, trovo sempre risorse nel mio corpo&#8221;.<\/p>\n<div id=\"attachment_50746\" style=\"width: 277px\" class=\"wp-caption alignleft\"><img data-recalc-dims=\"1\" loading=\"lazy\" decoding=\"async\" aria-describedby=\"caption-attachment-50746\" class=\"wp-image-50743\" src=\"https:\/\/i0.wp.com\/european-cultural-news.com\/wp-content\/uploads\/2023\/10\/231006_IX-KLA-VIER-E_c_ORF-musikprotokoll_M.-Gross-2.jpg?resize=267%2C400&#038;ssl=1\" alt=\"\" width=\"267\" height=\"400\" title=\"\"><p id=\"caption-attachment-50746\" class=\"wp-caption-text\">&#8220;IX Kla vier e&#8221; (Foto: ORF musikprotokoll\/Martin Gross)<\/p><\/div>\n<p>I calzini di colore diverso alla seconda esibizione &#8211; uno era giallo, l&#8217;altro blu &#8211; cos\u00ec come il breve bis &#8211; appesi a testa in gi\u00f9 alla corda &#8211; parlavano un linguaggio chiaro.<\/p>\n<p>Se da un lato si deve apprezzare la performance fisica e artistica di Nick Acorne, dall&#8217;altro non si deve dimenticare che ci\u00f2 che fa \u00e8 anche condito da una grande dose di umorismo. Risate e stupore erano ugualmente ammessi.<\/p>\n","protected":false},"excerpt":{"rendered":"<p>In occasione del musikprotokoll nell&#8217;ambito dello Steirischer Herbst 23, il pubblico della Helmut List Hall ha potuto assistere a un concerto di pianoforte di tipo diverso.<\/p>\n","protected":false},"author":2,"featured_media":50735,"comment_status":"closed","ping_status":"closed","sticky":false,"template":"","format":"standard","meta":{"jetpack_post_was_ever_published":false,"_jetpack_newsletter_access":"","_jetpack_dont_email_post_to_subs":false,"_jetpack_newsletter_tier_id":0,"_jetpack_memberships_contains_paywalled_content":false,"_jetpack_memberships_contains_paid_content":false,"footnotes":""},"categories":[3951,4029,4038,4034],"tags":[],"class_list":["post-50906","post","type-post","status-publish","format-standard","has-post-thumbnail","hentry","category-2021-it","category-konzert-it","category-orf-musikprotokoll-it-2","category-steirischer-herbst-it"],"jetpack_featured_media_url":"https:\/\/i0.wp.com\/european-cultural-news.com\/wp-content\/uploads\/2023\/10\/231006_IX-KLA-VIER-E_c_ORF-musikprotokoll_M.-Gross-_header.jpg?fit=2550%2C1434&ssl=1","jetpack_sharing_enabled":true,"jetpack-related-posts":[],"jetpack_shortlink":"https:\/\/wp.me\/p2NpeJ-df4","_links":{"self":[{"href":"https:\/\/european-cultural-news.com\/it\/wp-json\/wp\/v2\/posts\/50906","targetHints":{"allow":["GET"]}}],"collection":[{"href":"https:\/\/european-cultural-news.com\/it\/wp-json\/wp\/v2\/posts"}],"about":[{"href":"https:\/\/european-cultural-news.com\/it\/wp-json\/wp\/v2\/types\/post"}],"author":[{"embeddable":true,"href":"https:\/\/european-cultural-news.com\/it\/wp-json\/wp\/v2\/users\/2"}],"replies":[{"embeddable":true,"href":"https:\/\/european-cultural-news.com\/it\/wp-json\/wp\/v2\/comments?post=50906"}],"version-history":[{"count":0,"href":"https:\/\/european-cultural-news.com\/it\/wp-json\/wp\/v2\/posts\/50906\/revisions"}],"wp:featuredmedia":[{"embeddable":true,"href":"https:\/\/european-cultural-news.com\/it\/wp-json\/wp\/v2\/media\/50735"}],"wp:attachment":[{"href":"https:\/\/european-cultural-news.com\/it\/wp-json\/wp\/v2\/media?parent=50906"}],"wp:term":[{"taxonomy":"category","embeddable":true,"href":"https:\/\/european-cultural-news.com\/it\/wp-json\/wp\/v2\/categories?post=50906"},{"taxonomy":"post_tag","embeddable":true,"href":"https:\/\/european-cultural-news.com\/it\/wp-json\/wp\/v2\/tags?post=50906"}],"curies":[{"name":"wp","href":"https:\/\/api.w.org\/{rel}","templated":true}]}}