{"id":54795,"date":"2010-10-19T08:33:24","date_gmt":"2010-10-19T06:33:24","guid":{"rendered":"https:\/\/european-cultural-news.com\/strasbourg-argentorate\/54795\/"},"modified":"2010-10-19T08:33:24","modified_gmt":"2010-10-19T06:33:24","slug":"strasbourg-argentorate","status":"publish","type":"post","link":"https:\/\/european-cultural-news.com\/fr\/strasbourg-argentorate\/54795\/","title":{"rendered":"Strasbourg &#8211; Argentorate"},"content":{"rendered":"<p><div id=\"attachment_3986\" style=\"width: 310px\" class=\"wp-caption alignleft\"><a href=\"https:\/\/i0.wp.com\/european-cultural-news.com\/wp-content\/uploads\/2010\/10\/vueaerienne.jpg?ssl=1\"><img data-recalc-dims=\"1\" loading=\"lazy\" decoding=\"async\" aria-describedby=\"caption-attachment-3986\" src=\"https:\/\/i0.wp.com\/european-cultural-news.com\/wp-content\/uploads\/2010\/10\/vueaerienne.jpg?resize=300%2C175&#038;ssl=1\" alt=\"\" title=\"vueaerienne\" width=\"300\" height=\"175\" class=\"size-medium wp-image-3986\"><\/a><p id=\"caption-attachment-3986\" class=\"wp-caption-text\">L\u00b4implantation du camp romain de Strasbourg-Argentorate au coeur de la ville actuelle (c) AIRDIASOL. Rothan\/ dessin Ch. Gaston, Inrap<\/p><\/div><br \/>\nArgentorate &#8211; le nom romain de la ville de Strasbourg- est le titre d\u2019une petite exposition qui se tient au mus\u00e9e arch\u00e9ologique de Strasbourg. Ce mus\u00e9e est h\u00e9berg\u00e9 dans le Palais Rohan.  Il a pris ses quartiers au sous-sol du palais, on aurait presque envie de dire c\u2019est du bon sens pour un mus\u00e9e arch\u00e9ologique.<\/p>\n<p>Cette exposition temporaire s\u2019articule autour des objets trouv\u00e9s lors des derni\u00e8res fouilles qui ont eu lieu \u00e0 diff\u00e9rents endroits de la ville m\u00eame de Strasbourg.  Ces objets corroborent les connaissances d\u00e9velopp\u00e9es du temps des romains sur la ville de Strasbourg: \u00e0 partir du premier si\u00e8cle apr\u00e8s J\u00e9sus Christ, la ville a servi de camp \u00e0 une l\u00e9gion romaine. Les objets sortis du sol nous renseignent sur le quotidien des soldats ainsi que sur leur nourriture dont t\u00e9moignent des coquilles d\u2019huitres, des restes d\u2019agrumes et de l\u2019huile d\u2019olive. L\u2019approvisionnement \u00e9tant assur\u00e9 par l\u2019empire romain.<\/p>\n<p>\u00ab Strasbourg \u2013 Argentorate \u00bb cette petite exposition tr\u00e8s intime qui, gr\u00e2ce aux diff\u00e9rentes maquettes telles celles des logis des soldats dont les murs auraient \u00e9t\u00e9 couverts de fresques, offre aux visiteurs la possibilit\u00e9 de se faire une id\u00e9e vivante de ce chapitre lointain de l\u2019histoire de leur ville.<\/p>\n<p>Texte traduit de l\u2019allemand par Andrea Isker<br \/>\n[:]<\/p>\n","protected":false},"excerpt":{"rendered":"<p>Argentorate &#8211; le nom romain de la ville de Strasbourg- est le titre d\u2019une petite exposition qui se tient au mus\u00e9e arch\u00e9ologique de Strasbourg. Ce mus\u00e9e est h\u00e9berg\u00e9 dans le Palais Rohan. Il a pris ses quartiers au sous-sol du palais, on aurait presque envie de dire c\u2019est du bon sens pour un mus\u00e9e arch\u00e9ologique. [&hellip;]<\/p>\n","protected":false},"author":2,"featured_media":0,"comment_status":"closed","ping_status":"open","sticky":false,"template":"","format":"standard","meta":{"jetpack_post_was_ever_published":false,"_jetpack_newsletter_access":"","_jetpack_dont_email_post_to_subs":false,"_jetpack_newsletter_tier_id":0,"_jetpack_memberships_contains_paywalled_content":false,"_jetpack_memberships_contains_paid_content":false,"footnotes":""},"categories":[2621,3991],"tags":[],"class_list":["post-54795","post","type-post","status-publish","format-standard","hentry","category-ausstellung","category-ausstellung-fr"],"jetpack_featured_media_url":"","jetpack_sharing_enabled":true,"jetpack-related-posts":[],"jetpack_shortlink":"https:\/\/wp.me\/p2NpeJ-efN","_links":{"self":[{"href":"https:\/\/european-cultural-news.com\/fr\/wp-json\/wp\/v2\/posts\/54795","targetHints":{"allow":["GET"]}}],"collection":[{"href":"https:\/\/european-cultural-news.com\/fr\/wp-json\/wp\/v2\/posts"}],"about":[{"href":"https:\/\/european-cultural-news.com\/fr\/wp-json\/wp\/v2\/types\/post"}],"author":[{"embeddable":true,"href":"https:\/\/european-cultural-news.com\/fr\/wp-json\/wp\/v2\/users\/2"}],"replies":[{"embeddable":true,"href":"https:\/\/european-cultural-news.com\/fr\/wp-json\/wp\/v2\/comments?post=54795"}],"version-history":[{"count":0,"href":"https:\/\/european-cultural-news.com\/fr\/wp-json\/wp\/v2\/posts\/54795\/revisions"}],"wp:attachment":[{"href":"https:\/\/european-cultural-news.com\/fr\/wp-json\/wp\/v2\/media?parent=54795"}],"wp:term":[{"taxonomy":"category","embeddable":true,"href":"https:\/\/european-cultural-news.com\/fr\/wp-json\/wp\/v2\/categories?post=54795"},{"taxonomy":"post_tag","embeddable":true,"href":"https:\/\/european-cultural-news.com\/fr\/wp-json\/wp\/v2\/tags?post=54795"}],"curies":[{"name":"wp","href":"https:\/\/api.w.org\/{rel}","templated":true}]}}