{"id":54425,"date":"2010-01-02T23:03:21","date_gmt":"2010-01-02T22:03:21","guid":{"rendered":"https:\/\/european-cultural-news.com\/une-bonne-annee-avec-lops\/54425\/"},"modified":"2010-01-02T23:03:21","modified_gmt":"2010-01-02T22:03:21","slug":"une-bonne-annee-avec-lops","status":"publish","type":"post","link":"https:\/\/european-cultural-news.com\/fr\/une-bonne-annee-avec-lops\/54425\/","title":{"rendered":"Une bonne ann\u00e9e avec l`OPS"},"content":{"rendered":"<div id=\"attachment_1621\" style=\"width: 310px\" class=\"wp-caption alignleft\"><a href=\"https:\/\/i0.wp.com\/european-cultural-news.com\/wp-content\/uploads\/2010\/01\/Karoui_Fay%C3%A7al_02%40Paul-Kolnik.JPG?ssl=1\"><img data-recalc-dims=\"1\" loading=\"lazy\" decoding=\"async\" aria-describedby=\"caption-attachment-1621\" class=\"size-medium wp-image-1621\" title=\"Karoui_Fay\u00e7al_02@Paul Kolnik\" src=\"https:\/\/i0.wp.com\/european-cultural-news.com\/wp-content\/uploads\/2010\/01\/Karoui_Fay%C3%A7al_02%40Paul-Kolnik-300x200.jpg?resize=300%2C200&#038;ssl=1\" alt=\"Karouis Fay\u00e7al (photo: Paul Kolnik)\" width=\"300\" height=\"200\" \/><\/a><p id=\"caption-attachment-1621\" class=\"wp-caption-text\">Karoui Fay\u00e7al (photo: Paul Kolnik)<\/p><\/div>\n<p>Des baguettes qui scintillaient, un chef d\u2019orchestre qui dansait et un public qui hurlait sur commande et en cadence \u00ab mambo \u00bb &#8211; voil\u00e0 les ingr\u00e9dients du concert de la Saint-Sylvestre propos\u00e9 par l\u2019OPS, l\u2019Orchestre Philharmonique de Strasbourg.<\/p>\n<p>George Gershwin, Leonard Bernstein ainsi que des compositeurs moins c\u00e9l\u00e8bres accompagnaient l\u2019auditoire tout en rythme pour finir l\u2019ann\u00e9e 2009. Fai\u00e7al Karoui, le chef d\u2019orchestre invit\u00e9 pour l\u2019occasion a mis une sacr\u00e9e ambiance dans la salle de concert. Il ne respectait en rien les r\u00e8gles de la biens\u00e9ance en vigueur pour tout chef d\u2019orchestre qui se respecte et c\u2019\u00e9tait tr\u00e8s bien ainsi !  (Ces r\u00e8gles \u00e9tablies par Richard Strauss interdisent entre autres aux chefs d\u2019orchestre de\u2026. transpirer !) Karoui, chez qui la musique produisait un effet imm\u00e9diat sur les jambes, difficile d\u2019interpr\u00e9ter ses num\u00e9ros de danseur au pupitre autrement,  enthousiasmait le public de la salle o\u00f9 ne restait pas une seule place de libre. On avait l\u2019impression qu\u2019il aurait dans\u00e9 autour de l\u2019orchestre tout en le dirigeant si seulement il avait eu assez d\u2019espace pour le faire !<\/p>\n<p>Fabien Ruiz et ses quatre danseuses de claquettes montraient \u00e9galement que ce programme de la Saint-Sylvestre n\u2019\u00e9tait pas seulement fait pour \u00eatre \u00e9cout\u00e9. Quand la chanteuse Gilda Solve qui est originaire des Etats Unis lui lan\u00e7ait avec sa voix douce et claire: \u00ab I got rythm \u00bb, le danseur relevait le d\u00e9fi et l\u2019\u00e9tincelle de son art se transmettait directement au public. \u00ab Summertime \u00bb &#8211; la chaleur estivale \u00e9tait de rigueur dans la salle : D\u2019une part, gr\u00e2ce \u00e0 l\u2019interpr\u00e9tation tr\u00e8s personnelle des danseurs, d\u2019autre part, gr\u00e2ce \u00e0 l\u2019accompagnement profond et sensible de l\u2019orchestre qui soulignait ce r\u00eave musical. Les musiciennes et musiciens faisaient scintiller l\u2019air et sauter les petits poissons &#8211; selon le texte d\u2019Ira Gershwin.<\/p>\n<p>A l\u2019aide de John Adams et son \u00ab Short ride in a fast machine \u00bb, d\u2019Arturo Marques et son oeuvre \u00ab Danzon n\u00b0 2 pour orchestre \u00bb et de \u00ab Feu d\u2019artifice \u00bb l\u2019\u0153uvre de Guillaume Connesson qui date de 1998,  Karoui a prouv\u00e9 que les compositeurs contemporains savent divertir eux-aussi ! Une tr\u00e8s belle id\u00e9e pour faire comprendre au public pendant cette soir\u00e9e au rythme entra\u00eenant, que la peur de la nouveaut\u00e9 n\u2019est qu\u2019un pi\u00e8tre conseiller.<\/p>\n<p>De plus, les diverses prestations \u00e9tait visuellement soulign\u00e9es par un spectacle de lumi\u00e8re qui ramenait le ciel \u00e9toil\u00e9, les plages aux palmiers g\u00e9ants et le feu d\u2019artifice directement dans la salle de concert. Si l\u2019ann\u00e9e 2010 tient pour l\u2019OPS ce que l\u2019ann\u00e9e 2009 promettait dans ses derni\u00e8res heures musicales, on ne peut que s\u2019en r\u00e9jouir.<\/p>\n<p>Je profite de l\u2019occasion pour souhaiter \u00e0 tous les membres de l\u2019OPS une ann\u00e9e artistique passionnante, couronn\u00e9e de succ\u00e8s.<\/p>\n<p>Texte traduit de l\u2019Allemand par Andrea Isker<\/p>\n","protected":false},"excerpt":{"rendered":"<p>Des baguettes qui scintillaient, un chef d\u2019orchestre qui dansait et un public qui hurlait sur commande et en cadence \u00ab mambo \u00bb &#8211; voil\u00e0 les ingr\u00e9dients du concert de la Saint-Sylvestre propos\u00e9 par l\u2019OPS, l\u2019Orchestre Philharmonique de Strasbourg. George Gershwin, Leonard Bernstein ainsi que des compositeurs moins c\u00e9l\u00e8bres accompagnaient l\u2019auditoire tout en rythme pour finir [&hellip;]<\/p>\n","protected":false},"author":2,"featured_media":0,"comment_status":"closed","ping_status":"open","sticky":false,"template":"","format":"standard","meta":{"jetpack_post_was_ever_published":false,"_jetpack_newsletter_access":"","_jetpack_dont_email_post_to_subs":false,"_jetpack_newsletter_tier_id":0,"_jetpack_memberships_contains_paywalled_content":false,"_jetpack_memberships_contains_paid_content":false,"footnotes":""},"categories":[2622,3720],"tags":[],"class_list":["post-54425","post","type-post","status-publish","format-standard","hentry","category-concert","category-konzert"],"jetpack_featured_media_url":"","jetpack_sharing_enabled":true,"jetpack-related-posts":[],"jetpack_shortlink":"https:\/\/wp.me\/p2NpeJ-e9P","_links":{"self":[{"href":"https:\/\/european-cultural-news.com\/fr\/wp-json\/wp\/v2\/posts\/54425","targetHints":{"allow":["GET"]}}],"collection":[{"href":"https:\/\/european-cultural-news.com\/fr\/wp-json\/wp\/v2\/posts"}],"about":[{"href":"https:\/\/european-cultural-news.com\/fr\/wp-json\/wp\/v2\/types\/post"}],"author":[{"embeddable":true,"href":"https:\/\/european-cultural-news.com\/fr\/wp-json\/wp\/v2\/users\/2"}],"replies":[{"embeddable":true,"href":"https:\/\/european-cultural-news.com\/fr\/wp-json\/wp\/v2\/comments?post=54425"}],"version-history":[{"count":0,"href":"https:\/\/european-cultural-news.com\/fr\/wp-json\/wp\/v2\/posts\/54425\/revisions"}],"wp:attachment":[{"href":"https:\/\/european-cultural-news.com\/fr\/wp-json\/wp\/v2\/media?parent=54425"}],"wp:term":[{"taxonomy":"category","embeddable":true,"href":"https:\/\/european-cultural-news.com\/fr\/wp-json\/wp\/v2\/categories?post=54425"},{"taxonomy":"post_tag","embeddable":true,"href":"https:\/\/european-cultural-news.com\/fr\/wp-json\/wp\/v2\/tags?post=54425"}],"curies":[{"name":"wp","href":"https:\/\/api.w.org\/{rel}","templated":true}]}}